{"id":5648,"date":"2025-07-25T11:39:54","date_gmt":"2025-07-25T09:39:54","guid":{"rendered":"https:\/\/www.cmiindustries.it\/cmi-industries-torna-a-fachpack-2025-appuntamento-dal-23-al-25-settembre-a-norimberga\/"},"modified":"2025-07-25T11:45:06","modified_gmt":"2025-07-25T09:45:06","slug":"cmi-industries-regresa-a-fachpack-2025-te-esperamos-del-23-al-25-de-septiembre-en-nuremberg","status":"publish","type":"post","link":"https:\/\/www.cmiindustries.it\/es\/cmi-industries-regresa-a-fachpack-2025-te-esperamos-del-23-al-25-de-septiembre-en-nuremberg\/","title":{"rendered":"CMI Industries regresa a Fachpack 2025: te esperamos del 23 al 25 de septiembre en N\u00faremberg"},"content":{"rendered":"<p><img loading=\"lazy\" decoding=\"async\" class=\"alignnone size-full wp-image-5643\" src=\"https:\/\/www.cmiindustries.it\/wp-content\/uploads\/2025\/07\/Banner-Fachpack_interno.webp\" alt=\"\" width=\"859\" height=\"446\" srcset=\"https:\/\/www.cmiindustries.it\/wp-content\/uploads\/2025\/07\/Banner-Fachpack_interno.webp 859w, https:\/\/www.cmiindustries.it\/wp-content\/uploads\/2025\/07\/Banner-Fachpack_interno-300x156.webp 300w\" sizes=\"auto, (max-width: 859px) 100vw, 859px\" \/><\/p>\n<p><strong>CMI Industries regresa a Fachpack 2025: te esperamos del 23 al 25 de septiembre en N\u00faremberg<\/strong><\/p>\n<p>\u00a1Faltan solo 2 meses para <strong>Fachpack 2025<\/strong>, una de las ferias europeas m\u00e1s importantes en el sector del <strong>empaque, la tecnolog\u00eda y los procesos<\/strong>!<br \/>\nY este a\u00f1o, <strong>CMI Industries participar\u00e1 nuevamente<\/strong>.<\/p>\n<p>Tras una primera edici\u00f3n muy positiva, regresamos con entusiasmo por <strong>segundo a\u00f1o consecutivo<\/strong>, listos para presentar nuestras soluciones innovadoras y conectar con los principales actores del mercado.<\/p>\n<p><strong>Nos encontrar\u00e1s en el Pabell\u00f3n 2 \u2013 Stand 2-510, junto a nuestro socio alem\u00e1n BBVerpackungsmaschinen.<\/strong><\/p>\n<p>Consigue tu <strong>acceso gratuito<\/strong> con nuestro c\u00f3digo personal <strong>A570177<\/strong>.<br \/>\nReg\u00edstrate aqu\u00ed:<br \/>\n<a href=\"https:\/\/www.messe-ticket.de\/Nuernberg_SHOP\/FP25\/Register\/A570177\" target=\"_blank\" rel=\"noopener\">https:\/\/www.messe-ticket.de\/Nuernberg_SHOP\/FP25\/Register\/A570177<\/a><\/p>\n<p>Ven a conocer nuestras tecnolog\u00edas, novedades y soluciones personalizadas para tu negocio.<br \/>\n<strong>\u00a1Te esperamos en N\u00faremberg!<\/strong><\/p>\n","protected":false},"excerpt":{"rendered":"<p>CMI Industries regresa a Fachpack 2025: te esperamos del 23 al 25 de septiembre en N\u00faremberg \u00a1Faltan solo 2 meses para Fachpack 2025, una de las ferias europeas m\u00e1s importantes en el sector del empaque, la tecnolog\u00eda y los procesos! Y este a\u00f1o, CMI Industries participar\u00e1 nuevamente. Tras una primera edici\u00f3n muy positiva, regresamos con&#8230;<\/p>\n","protected":false},"author":8,"featured_media":5640,"comment_status":"closed","ping_status":"closed","sticky":false,"template":"","format":"standard","meta":{"footnotes":""},"categories":[96],"tags":[],"class_list":["post-5648","post","type-post","status-publish","format-standard","has-post-thumbnail","hentry","category-news-es"],"yoast_head":"<!-- This site is optimized with the Yoast SEO plugin v26.8 - https:\/\/yoast.com\/product\/yoast-seo-wordpress\/ -->\n<title>CMI Industries regresa a Fachpack 2025: te esperamos del 23 al 25 de septiembre en N\u00faremberg - CMI Industries<\/title>\n<meta name=\"robots\" content=\"index, follow, max-snippet:-1, max-image-preview:large, max-video-preview:-1\" \/>\n<link rel=\"canonical\" href=\"https:\/\/www.cmiindustries.it\/es\/cmi-industries-regresa-a-fachpack-2025-te-esperamos-del-23-al-25-de-septiembre-en-nuremberg\/\" \/>\n<meta property=\"og:locale\" content=\"es_ES\" \/>\n<meta property=\"og:type\" content=\"article\" \/>\n<meta property=\"og:title\" content=\"CMI Industries regresa a Fachpack 2025: te esperamos del 23 al 25 de septiembre en N\u00faremberg - CMI Industries\" \/>\n<meta property=\"og:description\" content=\"CMI Industries regresa a Fachpack 2025: te esperamos del 23 al 25 de septiembre en N\u00faremberg \u00a1Faltan solo 2 meses para Fachpack 2025, una de las ferias europeas m\u00e1s importantes en el sector del empaque, la tecnolog\u00eda y los procesos! Y este a\u00f1o, CMI Industries participar\u00e1 nuevamente. Tras una primera edici\u00f3n muy positiva, regresamos con...\" \/>\n<meta property=\"og:url\" content=\"https:\/\/www.cmiindustries.it\/es\/cmi-industries-regresa-a-fachpack-2025-te-esperamos-del-23-al-25-de-septiembre-en-nuremberg\/\" \/>\n<meta property=\"og:site_name\" content=\"CMI Industries\" \/>\n<meta property=\"article:published_time\" content=\"2025-07-25T09:39:54+00:00\" \/>\n<meta property=\"article:modified_time\" content=\"2025-07-25T09:45:06+00:00\" \/>\n<meta property=\"og:image\" content=\"https:\/\/www.cmiindustries.it\/wp-content\/uploads\/2025\/07\/Banner-Fachpack.webp\" \/>\n\t<meta property=\"og:image:width\" content=\"859\" \/>\n\t<meta property=\"og:image:height\" content=\"859\" \/>\n\t<meta property=\"og:image:type\" content=\"image\/webp\" \/>\n<meta name=\"author\" content=\"Noon\" \/>\n<meta name=\"twitter:card\" content=\"summary_large_image\" \/>\n<meta name=\"twitter:label1\" content=\"Escrito por\" \/>\n\t<meta name=\"twitter:data1\" content=\"Noon\" \/>\n\t<meta name=\"twitter:label2\" content=\"Tiempo de lectura\" \/>\n\t<meta name=\"twitter:data2\" content=\"2 minutos\" \/>\n<script type=\"application\/ld+json\" class=\"yoast-schema-graph\">{\"@context\":\"https:\/\/schema.org\",\"@graph\":[{\"@type\":\"Article\",\"@id\":\"https:\/\/www.cmiindustries.it\/es\/cmi-industries-regresa-a-fachpack-2025-te-esperamos-del-23-al-25-de-septiembre-en-nuremberg\/#article\",\"isPartOf\":{\"@id\":\"https:\/\/www.cmiindustries.it\/es\/cmi-industries-regresa-a-fachpack-2025-te-esperamos-del-23-al-25-de-septiembre-en-nuremberg\/\"},\"author\":{\"name\":\"Noon\",\"@id\":\"https:\/\/www.cmiindustries.it\/en\/#\/schema\/person\/1ba1c45b59e1e391b91d32f3cb63175c\"},\"headline\":\"CMI Industries regresa a Fachpack 2025: te esperamos del 23 al 25 de septiembre en N\u00faremberg\",\"datePublished\":\"2025-07-25T09:39:54+00:00\",\"dateModified\":\"2025-07-25T09:45:06+00:00\",\"mainEntityOfPage\":{\"@id\":\"https:\/\/www.cmiindustries.it\/es\/cmi-industries-regresa-a-fachpack-2025-te-esperamos-del-23-al-25-de-septiembre-en-nuremberg\/\"},\"wordCount\":145,\"publisher\":{\"@id\":\"https:\/\/www.cmiindustries.it\/en\/#organization\"},\"image\":{\"@id\":\"https:\/\/www.cmiindustries.it\/es\/cmi-industries-regresa-a-fachpack-2025-te-esperamos-del-23-al-25-de-septiembre-en-nuremberg\/#primaryimage\"},\"thumbnailUrl\":\"https:\/\/www.cmiindustries.it\/wp-content\/uploads\/2025\/07\/Banner-Fachpack.webp\",\"articleSection\":[\"News\"],\"inLanguage\":\"es\"},{\"@type\":\"WebPage\",\"@id\":\"https:\/\/www.cmiindustries.it\/es\/cmi-industries-regresa-a-fachpack-2025-te-esperamos-del-23-al-25-de-septiembre-en-nuremberg\/\",\"url\":\"https:\/\/www.cmiindustries.it\/es\/cmi-industries-regresa-a-fachpack-2025-te-esperamos-del-23-al-25-de-septiembre-en-nuremberg\/\",\"name\":\"CMI Industries regresa a Fachpack 2025: te esperamos del 23 al 25 de septiembre en N\u00faremberg - CMI Industries\",\"isPartOf\":{\"@id\":\"https:\/\/www.cmiindustries.it\/en\/#website\"},\"primaryImageOfPage\":{\"@id\":\"https:\/\/www.cmiindustries.it\/es\/cmi-industries-regresa-a-fachpack-2025-te-esperamos-del-23-al-25-de-septiembre-en-nuremberg\/#primaryimage\"},\"image\":{\"@id\":\"https:\/\/www.cmiindustries.it\/es\/cmi-industries-regresa-a-fachpack-2025-te-esperamos-del-23-al-25-de-septiembre-en-nuremberg\/#primaryimage\"},\"thumbnailUrl\":\"https:\/\/www.cmiindustries.it\/wp-content\/uploads\/2025\/07\/Banner-Fachpack.webp\",\"datePublished\":\"2025-07-25T09:39:54+00:00\",\"dateModified\":\"2025-07-25T09:45:06+00:00\",\"breadcrumb\":{\"@id\":\"https:\/\/www.cmiindustries.it\/es\/cmi-industries-regresa-a-fachpack-2025-te-esperamos-del-23-al-25-de-septiembre-en-nuremberg\/#breadcrumb\"},\"inLanguage\":\"es\",\"potentialAction\":[{\"@type\":\"ReadAction\",\"target\":[\"https:\/\/www.cmiindustries.it\/es\/cmi-industries-regresa-a-fachpack-2025-te-esperamos-del-23-al-25-de-septiembre-en-nuremberg\/\"]}]},{\"@type\":\"ImageObject\",\"inLanguage\":\"es\",\"@id\":\"https:\/\/www.cmiindustries.it\/es\/cmi-industries-regresa-a-fachpack-2025-te-esperamos-del-23-al-25-de-septiembre-en-nuremberg\/#primaryimage\",\"url\":\"https:\/\/www.cmiindustries.it\/wp-content\/uploads\/2025\/07\/Banner-Fachpack.webp\",\"contentUrl\":\"https:\/\/www.cmiindustries.it\/wp-content\/uploads\/2025\/07\/Banner-Fachpack.webp\",\"width\":859,\"height\":859},{\"@type\":\"BreadcrumbList\",\"@id\":\"https:\/\/www.cmiindustries.it\/es\/cmi-industries-regresa-a-fachpack-2025-te-esperamos-del-23-al-25-de-septiembre-en-nuremberg\/#breadcrumb\",\"itemListElement\":[{\"@type\":\"ListItem\",\"position\":1,\"name\":\"Home\",\"item\":\"https:\/\/www.cmiindustries.it\/es\/\"},{\"@type\":\"ListItem\",\"position\":2,\"name\":\"CMI Industries regresa a Fachpack 2025: te esperamos del 23 al 25 de septiembre en N\u00faremberg\"}]},{\"@type\":\"WebSite\",\"@id\":\"https:\/\/www.cmiindustries.it\/en\/#website\",\"url\":\"https:\/\/www.cmiindustries.it\/en\/\",\"name\":\"CMI Industries\",\"description\":\"\",\"publisher\":{\"@id\":\"https:\/\/www.cmiindustries.it\/en\/#organization\"},\"potentialAction\":[{\"@type\":\"SearchAction\",\"target\":{\"@type\":\"EntryPoint\",\"urlTemplate\":\"https:\/\/www.cmiindustries.it\/en\/?s={search_term_string}\"},\"query-input\":{\"@type\":\"PropertyValueSpecification\",\"valueRequired\":true,\"valueName\":\"search_term_string\"}}],\"inLanguage\":\"es\"},{\"@type\":\"Organization\",\"@id\":\"https:\/\/www.cmiindustries.it\/en\/#organization\",\"name\":\"CMI Industries\",\"alternateName\":\"CMI Industries\",\"url\":\"https:\/\/www.cmiindustries.it\/en\/\",\"logo\":{\"@type\":\"ImageObject\",\"inLanguage\":\"es\",\"@id\":\"https:\/\/www.cmiindustries.it\/en\/#\/schema\/logo\/image\/\",\"url\":\"https:\/\/www.cmiindustries.it\/wp-content\/uploads\/2022\/12\/CMI_logo_sfumato_grigio-1.png\",\"contentUrl\":\"https:\/\/www.cmiindustries.it\/wp-content\/uploads\/2022\/12\/CMI_logo_sfumato_grigio-1.png\",\"width\":2077,\"height\":829,\"caption\":\"CMI Industries\"},\"image\":{\"@id\":\"https:\/\/www.cmiindustries.it\/en\/#\/schema\/logo\/image\/\"},\"sameAs\":[\"https:\/\/www.linkedin.com\/company\/cmiindustries\/\",\"https:\/\/www.youtube.com\/c\/CMISpa\"]},{\"@type\":\"Person\",\"@id\":\"https:\/\/www.cmiindustries.it\/en\/#\/schema\/person\/1ba1c45b59e1e391b91d32f3cb63175c\",\"name\":\"Noon\",\"image\":{\"@type\":\"ImageObject\",\"inLanguage\":\"es\",\"@id\":\"https:\/\/www.cmiindustries.it\/en\/#\/schema\/person\/image\/\",\"url\":\"https:\/\/secure.gravatar.com\/avatar\/5c91a09f140b0d404cb9d4501a9b4d38925246938e867db84b2c05302a2efd9e?s=96&d=mm&r=g\",\"contentUrl\":\"https:\/\/secure.gravatar.com\/avatar\/5c91a09f140b0d404cb9d4501a9b4d38925246938e867db84b2c05302a2efd9e?s=96&d=mm&r=g\",\"caption\":\"Noon\"}}]}<\/script>\n<!-- \/ Yoast SEO plugin. -->","yoast_head_json":{"title":"CMI Industries regresa a Fachpack 2025: te esperamos del 23 al 25 de septiembre en N\u00faremberg - CMI Industries","robots":{"index":"index","follow":"follow","max-snippet":"max-snippet:-1","max-image-preview":"max-image-preview:large","max-video-preview":"max-video-preview:-1"},"canonical":"https:\/\/www.cmiindustries.it\/es\/cmi-industries-regresa-a-fachpack-2025-te-esperamos-del-23-al-25-de-septiembre-en-nuremberg\/","og_locale":"es_ES","og_type":"article","og_title":"CMI Industries regresa a Fachpack 2025: te esperamos del 23 al 25 de septiembre en N\u00faremberg - CMI Industries","og_description":"CMI Industries regresa a Fachpack 2025: te esperamos del 23 al 25 de septiembre en N\u00faremberg \u00a1Faltan solo 2 meses para Fachpack 2025, una de las ferias europeas m\u00e1s importantes en el sector del empaque, la tecnolog\u00eda y los procesos! Y este a\u00f1o, CMI Industries participar\u00e1 nuevamente. Tras una primera edici\u00f3n muy positiva, regresamos con...","og_url":"https:\/\/www.cmiindustries.it\/es\/cmi-industries-regresa-a-fachpack-2025-te-esperamos-del-23-al-25-de-septiembre-en-nuremberg\/","og_site_name":"CMI Industries","article_published_time":"2025-07-25T09:39:54+00:00","article_modified_time":"2025-07-25T09:45:06+00:00","og_image":[{"width":859,"height":859,"url":"https:\/\/www.cmiindustries.it\/wp-content\/uploads\/2025\/07\/Banner-Fachpack.webp","type":"image\/webp"}],"author":"Noon","twitter_card":"summary_large_image","twitter_misc":{"Escrito por":"Noon","Tiempo de lectura":"2 minutos"},"schema":{"@context":"https:\/\/schema.org","@graph":[{"@type":"Article","@id":"https:\/\/www.cmiindustries.it\/es\/cmi-industries-regresa-a-fachpack-2025-te-esperamos-del-23-al-25-de-septiembre-en-nuremberg\/#article","isPartOf":{"@id":"https:\/\/www.cmiindustries.it\/es\/cmi-industries-regresa-a-fachpack-2025-te-esperamos-del-23-al-25-de-septiembre-en-nuremberg\/"},"author":{"name":"Noon","@id":"https:\/\/www.cmiindustries.it\/en\/#\/schema\/person\/1ba1c45b59e1e391b91d32f3cb63175c"},"headline":"CMI Industries regresa a Fachpack 2025: te esperamos del 23 al 25 de septiembre en N\u00faremberg","datePublished":"2025-07-25T09:39:54+00:00","dateModified":"2025-07-25T09:45:06+00:00","mainEntityOfPage":{"@id":"https:\/\/www.cmiindustries.it\/es\/cmi-industries-regresa-a-fachpack-2025-te-esperamos-del-23-al-25-de-septiembre-en-nuremberg\/"},"wordCount":145,"publisher":{"@id":"https:\/\/www.cmiindustries.it\/en\/#organization"},"image":{"@id":"https:\/\/www.cmiindustries.it\/es\/cmi-industries-regresa-a-fachpack-2025-te-esperamos-del-23-al-25-de-septiembre-en-nuremberg\/#primaryimage"},"thumbnailUrl":"https:\/\/www.cmiindustries.it\/wp-content\/uploads\/2025\/07\/Banner-Fachpack.webp","articleSection":["News"],"inLanguage":"es"},{"@type":"WebPage","@id":"https:\/\/www.cmiindustries.it\/es\/cmi-industries-regresa-a-fachpack-2025-te-esperamos-del-23-al-25-de-septiembre-en-nuremberg\/","url":"https:\/\/www.cmiindustries.it\/es\/cmi-industries-regresa-a-fachpack-2025-te-esperamos-del-23-al-25-de-septiembre-en-nuremberg\/","name":"CMI Industries regresa a Fachpack 2025: te esperamos del 23 al 25 de septiembre en N\u00faremberg - CMI Industries","isPartOf":{"@id":"https:\/\/www.cmiindustries.it\/en\/#website"},"primaryImageOfPage":{"@id":"https:\/\/www.cmiindustries.it\/es\/cmi-industries-regresa-a-fachpack-2025-te-esperamos-del-23-al-25-de-septiembre-en-nuremberg\/#primaryimage"},"image":{"@id":"https:\/\/www.cmiindustries.it\/es\/cmi-industries-regresa-a-fachpack-2025-te-esperamos-del-23-al-25-de-septiembre-en-nuremberg\/#primaryimage"},"thumbnailUrl":"https:\/\/www.cmiindustries.it\/wp-content\/uploads\/2025\/07\/Banner-Fachpack.webp","datePublished":"2025-07-25T09:39:54+00:00","dateModified":"2025-07-25T09:45:06+00:00","breadcrumb":{"@id":"https:\/\/www.cmiindustries.it\/es\/cmi-industries-regresa-a-fachpack-2025-te-esperamos-del-23-al-25-de-septiembre-en-nuremberg\/#breadcrumb"},"inLanguage":"es","potentialAction":[{"@type":"ReadAction","target":["https:\/\/www.cmiindustries.it\/es\/cmi-industries-regresa-a-fachpack-2025-te-esperamos-del-23-al-25-de-septiembre-en-nuremberg\/"]}]},{"@type":"ImageObject","inLanguage":"es","@id":"https:\/\/www.cmiindustries.it\/es\/cmi-industries-regresa-a-fachpack-2025-te-esperamos-del-23-al-25-de-septiembre-en-nuremberg\/#primaryimage","url":"https:\/\/www.cmiindustries.it\/wp-content\/uploads\/2025\/07\/Banner-Fachpack.webp","contentUrl":"https:\/\/www.cmiindustries.it\/wp-content\/uploads\/2025\/07\/Banner-Fachpack.webp","width":859,"height":859},{"@type":"BreadcrumbList","@id":"https:\/\/www.cmiindustries.it\/es\/cmi-industries-regresa-a-fachpack-2025-te-esperamos-del-23-al-25-de-septiembre-en-nuremberg\/#breadcrumb","itemListElement":[{"@type":"ListItem","position":1,"name":"Home","item":"https:\/\/www.cmiindustries.it\/es\/"},{"@type":"ListItem","position":2,"name":"CMI Industries regresa a Fachpack 2025: te esperamos del 23 al 25 de septiembre en N\u00faremberg"}]},{"@type":"WebSite","@id":"https:\/\/www.cmiindustries.it\/en\/#website","url":"https:\/\/www.cmiindustries.it\/en\/","name":"CMI Industries","description":"","publisher":{"@id":"https:\/\/www.cmiindustries.it\/en\/#organization"},"potentialAction":[{"@type":"SearchAction","target":{"@type":"EntryPoint","urlTemplate":"https:\/\/www.cmiindustries.it\/en\/?s={search_term_string}"},"query-input":{"@type":"PropertyValueSpecification","valueRequired":true,"valueName":"search_term_string"}}],"inLanguage":"es"},{"@type":"Organization","@id":"https:\/\/www.cmiindustries.it\/en\/#organization","name":"CMI Industries","alternateName":"CMI Industries","url":"https:\/\/www.cmiindustries.it\/en\/","logo":{"@type":"ImageObject","inLanguage":"es","@id":"https:\/\/www.cmiindustries.it\/en\/#\/schema\/logo\/image\/","url":"https:\/\/www.cmiindustries.it\/wp-content\/uploads\/2022\/12\/CMI_logo_sfumato_grigio-1.png","contentUrl":"https:\/\/www.cmiindustries.it\/wp-content\/uploads\/2022\/12\/CMI_logo_sfumato_grigio-1.png","width":2077,"height":829,"caption":"CMI Industries"},"image":{"@id":"https:\/\/www.cmiindustries.it\/en\/#\/schema\/logo\/image\/"},"sameAs":["https:\/\/www.linkedin.com\/company\/cmiindustries\/","https:\/\/www.youtube.com\/c\/CMISpa"]},{"@type":"Person","@id":"https:\/\/www.cmiindustries.it\/en\/#\/schema\/person\/1ba1c45b59e1e391b91d32f3cb63175c","name":"Noon","image":{"@type":"ImageObject","inLanguage":"es","@id":"https:\/\/www.cmiindustries.it\/en\/#\/schema\/person\/image\/","url":"https:\/\/secure.gravatar.com\/avatar\/5c91a09f140b0d404cb9d4501a9b4d38925246938e867db84b2c05302a2efd9e?s=96&d=mm&r=g","contentUrl":"https:\/\/secure.gravatar.com\/avatar\/5c91a09f140b0d404cb9d4501a9b4d38925246938e867db84b2c05302a2efd9e?s=96&d=mm&r=g","caption":"Noon"}}]}},"_links":{"self":[{"href":"https:\/\/www.cmiindustries.it\/es\/wp-json\/wp\/v2\/posts\/5648","targetHints":{"allow":["GET"]}}],"collection":[{"href":"https:\/\/www.cmiindustries.it\/es\/wp-json\/wp\/v2\/posts"}],"about":[{"href":"https:\/\/www.cmiindustries.it\/es\/wp-json\/wp\/v2\/types\/post"}],"author":[{"embeddable":true,"href":"https:\/\/www.cmiindustries.it\/es\/wp-json\/wp\/v2\/users\/8"}],"replies":[{"embeddable":true,"href":"https:\/\/www.cmiindustries.it\/es\/wp-json\/wp\/v2\/comments?post=5648"}],"version-history":[{"count":2,"href":"https:\/\/www.cmiindustries.it\/es\/wp-json\/wp\/v2\/posts\/5648\/revisions"}],"predecessor-version":[{"id":5653,"href":"https:\/\/www.cmiindustries.it\/es\/wp-json\/wp\/v2\/posts\/5648\/revisions\/5653"}],"wp:featuredmedia":[{"embeddable":true,"href":"https:\/\/www.cmiindustries.it\/es\/wp-json\/wp\/v2\/media\/5640"}],"wp:attachment":[{"href":"https:\/\/www.cmiindustries.it\/es\/wp-json\/wp\/v2\/media?parent=5648"}],"wp:term":[{"taxonomy":"category","embeddable":true,"href":"https:\/\/www.cmiindustries.it\/es\/wp-json\/wp\/v2\/categories?post=5648"},{"taxonomy":"post_tag","embeddable":true,"href":"https:\/\/www.cmiindustries.it\/es\/wp-json\/wp\/v2\/tags?post=5648"}],"curies":[{"name":"wp","href":"https:\/\/api.w.org\/{rel}","templated":true}]}}